{"id":2713,"date":"2026-04-30T09:31:11","date_gmt":"2026-04-30T08:31:11","guid":{"rendered":"https:\/\/relabor.hu\/?p=2713"},"modified":"2026-04-30T09:45:43","modified_gmt":"2026-04-30T08:45:43","slug":"we-are-looking-for-a-rehabilitacios-colleague","status":"publish","type":"post","link":"https:\/\/relabor.hu\/en\/rehabilitacios-kollegat-keresunk\/","title":{"rendered":"We are looking for a Rehabilitation Mentor!"},"content":{"rendered":"<div data-elementor-type=\"wp-post\" data-elementor-id=\"2713\" class=\"elementor elementor-2713\" data-elementor-post-type=\"post\">\n\t\t\t\t<div class=\"elementor-element elementor-element-10e15c9 e-flex e-con-boxed e-con e-parent\" data-id=\"10e15c9\" data-element_type=\"container\" data-e-type=\"container\" data-settings=\"{&quot;jet_parallax_layout_list&quot;:[]}\">\n\t\t\t\t\t<div class=\"e-con-inner\">\n\t\t\t\t<div class=\"elementor-element elementor-element-9bcb501 elementor-widget elementor-widget-text-editor\" data-id=\"9bcb501\" data-element_type=\"widget\" data-e-type=\"widget\" data-widget_type=\"text-editor.default\">\n\t\t\t\t<div class=\"elementor-widget-container\">\n\t\t\t\t\t\t\t\t\t<p style=\"text-align: justify;\"><span style=\"font-size: 18pt;\"><strong>The place of work is Nemesv\u00e1mos<\/strong><\/span><\/p><p style=\"text-align: left;\"><span style=\"font-size: 14pt;\"><span style=\"color: #993300;\"><strong>Expectations of the job:<\/strong><\/span><\/span><\/p><ul style=\"text-align: left;\"><li>Education and training required by Annex 1 of Government Decree 327\/2012 (XI. 16.).<\/li><li>Basic knowledge of Word, Excel.<\/li><li>Responsibility, ability to work independently.<\/li><li>Confident, effective communication, empathetic attitude.<\/li><li>Stress tolerance.<\/li><\/ul><h4 style=\"text-align: left;\"><span style=\"font-size: 14pt; color: #993300;\"><strong>An advantage, but not a requirement:<\/strong><\/span><\/h4><ul><li style=\"text-align: left;\">Assistance for people with reduced working capacity or disadvantaged persons <br \/>knowledge of its network and support possibilities.<\/li><\/ul><h4><span style=\"color: #993300;\"><strong><span style=\"font-size: 14pt;\">Tasks:<\/span><\/strong><\/span><\/h4><ul><li>327\/2012 (XI. 16.) of the Government Decree, and the tasks set out in \u00a7 13 of this Decree, and <br \/>company-specific application of tasks.<\/li><li>Liaising with the company's rehabilitation and employment department.<\/li><li>Liaising with the rehabilitation authority.<\/li><li>Preparing personal rehabilitation plans for workers.<\/li><li>Document mentoring work according to the regulation and the company's own internal system.<\/li><\/ul><h4><span style=\"color: #993300;\"><strong><span style=\"font-size: 14pt;\">The duration and nature of the legal relationship:<\/span><\/strong><\/span><\/h4><ul><li>Permanent part-time (4-6 hours per day) contract with 3 months probationary period.<\/li><li>One shift work.<\/li><\/ul><h4><span style=\"font-size: 14pt; color: #993300;\"><strong>Deadline for applications: 30 May 2026.<\/strong><\/span><\/h4><h4><span style=\"color: #993300;\"><strong>How to apply:<\/strong><\/span><\/h4><p>Please send a photocopy of your CV, copies of your educational qualifications and salary requirements to the following address<br \/>e-mail addresses: <span style=\"color: #993300;\"><strong>nemesvamos@relabor.hu<\/strong><\/span> and <span style=\"color: #993300;\"><strong>ujlakiagota@relabor.hu<\/strong><\/span><\/p><p style=\"text-align: center;\">\u00a0<\/p>\t\t\t\t\t\t\t\t<\/div>\n\t\t\t\t<\/div>\n\t\t\t\t\t<\/div>\n\t\t\t\t<\/div>\n\t\t\t\t<\/div>","protected":false},"excerpt":{"rendered":"<p>A munkav\u00e9gz\u00e9s helye: Nemesv\u00e1mos Az \u00e1ll\u00e1shoz tartoz\u00f3 elv\u00e1r\u00e1sok: A 327\/2012. (XI. 16.) Korm\u00e1nyrendelet 1. sz\u00e1m\u00fa mell\u00e9klet\u00e9ben el\u0151\u00edrt iskolai v\u00e9gzetts\u00e9g. Word, Excel alapfok\u00fa ismerete. Felel\u0151ss\u00e9gtudat, \u00f6n\u00e1ll\u00f3 munk\u00e1ra val\u00f3 k\u00e9pess\u00e9g. Magabiztos, hat\u00e9kony kommunik\u00e1ci\u00f3, empatikus hozz\u00e1\u00e1ll\u00e1s. Stressz t\u0171r\u0151 k\u00e9pess\u00e9g. El\u0151ny, de nem felt\u00e9tel: Megv\u00e1ltozott munkak\u00e9pess\u00e9g\u0171, illetve h\u00e1tr\u00e1nyos helyzet\u0171 szem\u00e9lyek seg\u00edt\u0151 h\u00e1l\u00f3zat\u00e1nak, illetve t\u00e1mogat\u00e1si lehet\u0151s\u00e9geinek ismerete. Feladatok: 327\/2012. (XI. [&hellip;]<\/p>\n","protected":false},"author":1,"featured_media":2712,"comment_status":"closed","ping_status":"closed","sticky":false,"template":"","format":"standard","meta":{"footnotes":""},"categories":[9],"tags":[],"class_list":["post-2713","post","type-post","status-publish","format-standard","has-post-thumbnail","hentry","category-allashirdetesek"],"_links":{"self":[{"href":"https:\/\/relabor.hu\/en\/wp-json\/wp\/v2\/posts\/2713","targetHints":{"allow":["GET"]}}],"collection":[{"href":"https:\/\/relabor.hu\/en\/wp-json\/wp\/v2\/posts"}],"about":[{"href":"https:\/\/relabor.hu\/en\/wp-json\/wp\/v2\/types\/post"}],"author":[{"embeddable":true,"href":"https:\/\/relabor.hu\/en\/wp-json\/wp\/v2\/users\/1"}],"replies":[{"embeddable":true,"href":"https:\/\/relabor.hu\/en\/wp-json\/wp\/v2\/comments?post=2713"}],"version-history":[{"count":4,"href":"https:\/\/relabor.hu\/en\/wp-json\/wp\/v2\/posts\/2713\/revisions"}],"predecessor-version":[{"id":2717,"href":"https:\/\/relabor.hu\/en\/wp-json\/wp\/v2\/posts\/2713\/revisions\/2717"}],"wp:featuredmedia":[{"embeddable":true,"href":"https:\/\/relabor.hu\/en\/wp-json\/wp\/v2\/media\/2712"}],"wp:attachment":[{"href":"https:\/\/relabor.hu\/en\/wp-json\/wp\/v2\/media?parent=2713"}],"wp:term":[{"taxonomy":"category","embeddable":true,"href":"https:\/\/relabor.hu\/en\/wp-json\/wp\/v2\/categories?post=2713"},{"taxonomy":"post_tag","embeddable":true,"href":"https:\/\/relabor.hu\/en\/wp-json\/wp\/v2\/tags?post=2713"}],"curies":[{"name":"wp","href":"https:\/\/api.w.org\/{rel}","templated":true}]}}